{"id":62,"date":"2010-01-03T13:44:58","date_gmt":"2010-01-03T10:03:26","guid":{"rendered":""},"modified":"2010-12-25T14:35:54","modified_gmt":"2010-12-25T14:35:54","slug":"bla_himmel_pa_beachen","status":"publish","type":"post","link":"https:\/\/mattias.amnefe.lt\/wordpress\/2010\/01\/03\/bla_himmel_pa_beachen\/","title":{"rendered":"Bl\u00e5 himmel p\u00e5 beachen"},"content":{"rendered":"<p>Det verkar som att franskakunskaperna hos oss b\u00e5da b\u00f6rjat vakna till liv, \u00e4ven om det sj\u00e4lvklart \u00e4r enklare f\u00f6r den av oss som l\u00e4st franska i skolan och d\u00e4rf\u00f6r kan fler ord \u00e4n oui, non, merci, la dition s&#8217;\u00eel vous pla\u00eet och parlez-vous anglais? Hur som hellst s\u00e5 fanns det ett bord \u00e5t oss p\u00e5 den italienska restaurangen en bit fr\u00e5n hotellet. Det blev visserligen inte precis det bord de visade oss tidigare n\u00e4r vi var d\u00e4r och bokade eftersom det svenska paret som satt d\u00e4r innan oss bara hade hunnit till efterr\u00e4tten. Hovm\u00e4staren bad s\u00e5 mycket om urs\u00e4kt och erbj\u00f6d oss att sitta i  baren med en f\u00f6rdrink medan han skaffade fram ett annat bord. Maten var utm\u00e4rkt \u00e4ven om Mattias lyckades best\u00e4lla in en pasta med n\u00e5gon slags lever i. Det var f\u00f6rsta g\u00e5ngen p\u00e5 l\u00e4nge som jag tyckte att n\u00e5gonting med lever i smakade gott vilket var en m\u00e4rklig k\u00e4nsla.<\/p>\n<p>Eftersom idag \u00e4r den f\u00f6rsta dagen med bl\u00e5 himmel har vi spenderat den p\u00e5 stranden. \u00c4ven under de tidigare regndagarna har det varit s\u00e5 sk\u00f6nt att g\u00e5 runt utan regnkl\u00e4der men att f\u00e5 ligga p\u00e5 en strand i badkl\u00e4der gjorde livet \u00e4nnu b\u00e4ttre. Det var naturligtvis massor med souvenirf\u00f6rs\u00e4ljare p\u00e5 stranden och vi har kunnat k\u00f6pa allt fr\u00e5n  Hennatatueringar, ametiststenar och smycken till marockanska flaggor och tofflor. Den mest ih\u00e4rdige var en \u00e4ldre man som s\u00e5lde munkar och det verkade inte hj\u00e4lpa hur mycket vi talade om att &#8220;nej tack, munkar \u00e4r inte det vi k\u00e4nner f\u00f6r att \u00e4ta en varm dag p\u00e5 stranden&#8221;. Han var tillbaka efter n\u00e5gra minuter i alla fall. Vi hade ju kanske \u00e4ndrat oss.<\/p>\n<p>Vi tror att det var r\u00f6da flaggor som betyder &#8220;du ska inte bada f\u00f6r d\u00e5 kommer du d\u00f6&#8221;, men det kan ocks\u00e5 vara den marockanska flaggan (som \u00e4r r\u00f6d med en gr\u00f6n stj\u00e4rna p\u00e5). Det hela \u00e4r lite oklart. Det som \u00e4r klart \u00e4r i alla fall att det var stora v\u00e5gor.  Vi gick ner till vattenbrynet f\u00f6r att k\u00e4nna lite p\u00e5 v\u00e5gorna med t\u00e5rna och efter typ tv\u00e5 v\u00e5gor kom en mycket st\u00f6rre v\u00e5g. Mattias som gick l\u00e4ngst ut ramlade genast omkull och blev helt dybl\u00f6t medans Jonna klarade sig lite b\u00e4ttre. Som tur var hade vi badkl\u00e4der p\u00e5 oss fast Mattias skjorta blev genomv\u00e5t och kliade av allt saltet p\u00e5  v\u00e4gen hem. Vi l\u00e5g kvar p\u00e5 stranden tills munkf\u00f6rs\u00e4ljaren hade g\u00e5tt f\u00f6rbi och fr\u00e5gat om vi ville k\u00f6pa n\u00e5gra ungef\u00e4r femtio g\u00e5nger och sen kom vi fram till att vi f\u00e5tt  tillr\u00e4ckligt med sol f\u00f6r en dag.<\/p>\n<div id=\"attachment_70\" style=\"width: 330px\" class=\"wp-caption alignnone\"><a href=\"http:\/\/mattias.amnefe.lt\/wordpress\/wp-content\/uploads\/2010\/12\/MG_3034.jpg\"><img aria-describedby=\"caption-attachment-70\" loading=\"lazy\" class=\"size-full wp-image-70\" title=\"_MG_3034\" src=\"http:\/\/mattias.amnefe.lt\/wordpress\/wp-content\/uploads\/2010\/12\/MG_3034.jpg\" alt=\"\" width=\"320\" height=\"480\" srcset=\"https:\/\/mattias.amnefe.lt\/wordpress\/wp-content\/uploads\/2010\/12\/MG_3034.jpg 320w, https:\/\/mattias.amnefe.lt\/wordpress\/wp-content\/uploads\/2010\/12\/MG_3034-200x300.jpg 200w\" sizes=\"(max-width: 320px) 100vw, 320px\" \/><\/a><p id=\"caption-attachment-70\" class=\"wp-caption-text\">Mattias p\u00e5 stranden<\/p><\/div>\n<div id=\"attachment_71\" style=\"width: 330px\" class=\"wp-caption alignnone\"><a href=\"http:\/\/mattias.amnefe.lt\/wordpress\/wp-content\/uploads\/2010\/12\/MG_3094.jpg\"><img aria-describedby=\"caption-attachment-71\" loading=\"lazy\" class=\"size-full wp-image-71\" title=\"_MG_3094\" src=\"http:\/\/mattias.amnefe.lt\/wordpress\/wp-content\/uploads\/2010\/12\/MG_3094.jpg\" alt=\"\" width=\"320\" height=\"480\" srcset=\"https:\/\/mattias.amnefe.lt\/wordpress\/wp-content\/uploads\/2010\/12\/MG_3094.jpg 320w, https:\/\/mattias.amnefe.lt\/wordpress\/wp-content\/uploads\/2010\/12\/MG_3094-200x300.jpg 200w\" sizes=\"(max-width: 320px) 100vw, 320px\" \/><\/a><p id=\"caption-attachment-71\" class=\"wp-caption-text\">Mattias under en palm<\/p><\/div>\n\n<!-- Facebook Like Button v1.9.6 BEGIN [http:\/\/blog.bottomlessinc.com] -->\n<iframe src=\"http:\/\/www.facebook.com\/plugins\/like.php?href=https%3A%2F%2Fmattias.amnefe.lt%2Fwordpress%2F2010%2F01%2F03%2Fbla_himmel_pa_beachen%2F&amp;layout=standard&amp;show_faces=false&amp;width=450&amp;action=like&amp;colorscheme=light\" scrolling=\"no\" frameborder=\"0\" allowTransparency=\"true\" style=\"border:none; overflow:hidden; width:450px; height: 30px; align: left; margin: 2px 0px 2px 0px\"><\/iframe>\n<!-- Facebook Like Button END -->\n","protected":false},"excerpt":{"rendered":"<p>Det verkar som att franskakunskaperna hos oss b\u00e5da b\u00f6rjat vakna till liv, \u00e4ven om det sj\u00e4lvklart \u00e4r enklare f\u00f6r den av oss som l\u00e4st franska i skolan och d\u00e4rf\u00f6r kan fler ord \u00e4n oui, non, merci, la dition s&#8217;\u00eel vous &hellip; <a href=\"https:\/\/mattias.amnefe.lt\/wordpress\/2010\/01\/03\/bla_himmel_pa_beachen\/\">Continue reading <span class=\"meta-nav\">&rarr;<\/span><\/a><\/p>\n","protected":false},"author":1,"featured_media":0,"comment_status":"open","ping_status":"open","sticky":false,"template":"","format":"standard","meta":{"_monsterinsights_skip_tracking":false,"_monsterinsights_sitenote_active":false,"_monsterinsights_sitenote_note":"","_monsterinsights_sitenote_category":0},"categories":[7],"tags":[],"_links":{"self":[{"href":"https:\/\/mattias.amnefe.lt\/wordpress\/wp-json\/wp\/v2\/posts\/62"}],"collection":[{"href":"https:\/\/mattias.amnefe.lt\/wordpress\/wp-json\/wp\/v2\/posts"}],"about":[{"href":"https:\/\/mattias.amnefe.lt\/wordpress\/wp-json\/wp\/v2\/types\/post"}],"author":[{"embeddable":true,"href":"https:\/\/mattias.amnefe.lt\/wordpress\/wp-json\/wp\/v2\/users\/1"}],"replies":[{"embeddable":true,"href":"https:\/\/mattias.amnefe.lt\/wordpress\/wp-json\/wp\/v2\/comments?post=62"}],"version-history":[{"count":3,"href":"https:\/\/mattias.amnefe.lt\/wordpress\/wp-json\/wp\/v2\/posts\/62\/revisions"}],"predecessor-version":[{"id":83,"href":"https:\/\/mattias.amnefe.lt\/wordpress\/wp-json\/wp\/v2\/posts\/62\/revisions\/83"}],"wp:attachment":[{"href":"https:\/\/mattias.amnefe.lt\/wordpress\/wp-json\/wp\/v2\/media?parent=62"}],"wp:term":[{"taxonomy":"category","embeddable":true,"href":"https:\/\/mattias.amnefe.lt\/wordpress\/wp-json\/wp\/v2\/categories?post=62"},{"taxonomy":"post_tag","embeddable":true,"href":"https:\/\/mattias.amnefe.lt\/wordpress\/wp-json\/wp\/v2\/tags?post=62"}],"curies":[{"name":"wp","href":"https:\/\/api.w.org\/{rel}","templated":true}]}}