{"id":40,"date":"2006-12-21T19:10:36","date_gmt":"2006-12-21T18:47:34","guid":{"rendered":""},"modified":"2006-12-21T19:10:36","modified_gmt":"2006-12-21T19:10:36","slug":"kanalvandring","status":"publish","type":"post","link":"https:\/\/mattias.amnefe.lt\/wordpress\/2006\/12\/21\/kanalvandring\/","title":{"rendered":"Kanalvandring"},"content":{"rendered":"<p>Idag hade vi nog n\u00e4stan den roligaste vandringen. Vi blev avsl\u00e4ppta vid en g\u00e5rd en bit s\u00f6der om Mountain P\u00e9le och fick sedan vandra l\u00e4ngs med bevattningskanalerna som tidigare anv\u00e4ndes till sockerodlingarna. Kanalerna g\u00e5r l\u00e4ngs med bergsv\u00e4ggarna och man g\u00e5r p\u00e5 en smal stenmur. P\u00e5 ena sidan har man en liten b\u00e4ck och p\u00e5 andra sidan alltsom oftast ett stup. Vi gick kanske tre kilometer l\u00e4ngs de kanalerna och det var ganska m\u00e5nga h\u00e4ftiga vyer vi fick se. Kanalerna byggdes tydligen av slavar som fraktades hit fr\u00e5n Afrika f\u00f6r att jobba p\u00e5 sockerplantagen men idag anv\u00e4nds kanalerna bara till bananodlingarna.<\/p>\n<p>Jag ins\u00e5g idag att jag kan prata Tyska med Chantal som \u00e4r den ende i v\u00e5r grupp som inte pratar engelska. Det var kul att b\u00f6rja kunna prata lite med henne och, fast det \u00e4r synd att det bara var sista dagen som vi ins\u00e5g det. N\u00e5ja, nu kan vi i alla fall komunicera n\u00e5gorlunda (\u00e4ven om vi b\u00e5da tv\u00e5 pratar r\u00e4tt usel tyska).<\/p>\n<p>Nu har jag l\u00e4rt k\u00e4nna de som jag vandrar med tillr\u00e4ckligt f\u00f6r att skriva lite om dem. I min grupp g\u00e5r f\u00f6rutom jag:<\/p>\n<ul>\n<li>Charles &#8211; Guiden som inte pratar m\u00e5nga ord engelska&#8230; han verkar dock v\u00e4ldigt kunnig och stannar ofta och pratar om olika v\u00e4xter och djur.\n<\/li>\n<li>Stephanie &#8211; Ursprungligen fr\u00e5n Spanien men har bott i Frankrike sedan hon var liten. Har \u00e4ven bott i London i tre \u00e5r och pratar mycket bra engelska. Henne har jag umg\u00e5tts en hel del med. Hon har varit med v\u00e5ran grupp ibland och den andra vandringsgruppen ibland, lite beroende p\u00e5 hur sv\u00e5r vandringen har varit.\n<\/li>\n<li>Anne &#8211; Jobbar som finansanalytiker med inriktning p\u00e5 telekombranchen och gillar att vandra i bergen i Schweiz. Ocks\u00e5 bra p\u00e5 engelska men tycker alltid att hon sj\u00e4lv bara kan finansengelska \ud83d\ude42\n<\/li>\n<li>Kadisha &#8211; Kompis med Anne. Jobbar som uppk\u00f6pare p\u00e5 GE-Capital och \u00e5ker runt v\u00e4rden och k\u00f6per upp f\u00f6retag inom bioteknik och medicin-branchen. F\u00f6dd i Tunisien men flyttade till Paris n\u00e4r hon var 18. Visste inte alls vad hon gav sig in p\u00e5 n\u00e4r hon l\u00e4t sig bli \u00f6vertalad att f\u00f6lja med Anne p\u00e5 den h\u00e4r resan och hon \u00e4r v\u00e4l den som haft det sv\u00e5rast under veckan. Jag tycker dock att hon har tagit det v\u00e4ldigt bra \u00e4ven om det varit jobbigt.\n<\/li>\n<li>Arnoud &#8211; Ocks\u00e5 kompis med Anne och Kadisha. Gillar ocks\u00e5 att vandra och \u00e4r klart rolig att prata med. Har mycket humor och tycker om att posa f\u00f6r bilder (vilket \u00e4r kul f\u00f6r mig som fotograf)\n<\/li>\n<li>Chantal &#8211; Jobbar som Geandamerist (typ milit\u00e4r med polisi\u00e4ra befogenheter&#8230; jobbar ofta p\u00e5 landsbyggden i frankrike) i n\u00e4rheten av Nice. Pratar inte m\u00e5nga ord engelska men sista dagen ins\u00e5g vi att vi kunde kommunicera p\u00e5 Tyska med varrandra. Gillar att rida, vandra och \u00e5ka skidor.\n<\/li>\n<li>Caroline &#8211; Typisk kort s\u00f6t fransyska. Jag har inte pratat s\u00e5 mycket med henne men hon jobbar med ekonomi p\u00e5 n\u00e5gon fransk bank. Hon pratar inte speciellt mycket engelska, men jag tror mer det beror p\u00e5 att hon inte v\u00e5gar \u00e4n n\u00e5gonting annat. N\u00e4r hon v\u00e4l pratar s\u00e5 g\u00e5r det bra att f\u00f6rst\u00e5 henne.\n<\/li>\n<li>Sebastian och Cecile &#8211; Har knappt pratat med dem. Jag vet att de \u00e4r tillsammans och att de ska vara kvar i Saint Pierre i tv\u00e5 veckor, men i \u00f6vrigt vet jag inte s\u00e5 mycket. De verkar inte vilja prata s\u00e5 mycket engelska.\n<\/li>\n<li>Nathalie &#8211; Sjuksk\u00f6terska som knappt pratar n\u00e5gon engelska, men hon f\u00f6rs\u00f6ker i alla fall (tror hon pratar ungef\u00e4r lika bra engelska som jag pratar franska&#8230; eller i alla fall som jag pratar portugisiska)\n<\/li>\n<\/ul>\n\n<!-- Facebook Like Button v1.9.6 BEGIN [http:\/\/blog.bottomlessinc.com] -->\n<iframe src=\"http:\/\/www.facebook.com\/plugins\/like.php?href=https%3A%2F%2Fmattias.amnefe.lt%2Fwordpress%2F2006%2F12%2F21%2Fkanalvandring%2F&amp;layout=standard&amp;show_faces=false&amp;width=450&amp;action=like&amp;colorscheme=light\" scrolling=\"no\" frameborder=\"0\" allowTransparency=\"true\" style=\"border:none; overflow:hidden; width:450px; height: 30px; align: left; margin: 2px 0px 2px 0px\"><\/iframe>\n<!-- Facebook Like Button END -->\n","protected":false},"excerpt":{"rendered":"<p>Idag hade vi nog n\u00e4stan den roligaste vandringen. Vi blev avsl\u00e4ppta vid en g\u00e5rd en bit s\u00f6der om Mountain P\u00e9le och fick sedan vandra l\u00e4ngs med bevattningskanalerna som tidigare anv\u00e4ndes till sockerodlingarna. Kanalerna g\u00e5r l\u00e4ngs med bergsv\u00e4ggarna och man g\u00e5r &hellip; <a href=\"https:\/\/mattias.amnefe.lt\/wordpress\/2006\/12\/21\/kanalvandring\/\">Continue reading <span class=\"meta-nav\">&rarr;<\/span><\/a><\/p>\n","protected":false},"author":0,"featured_media":0,"comment_status":"open","ping_status":"open","sticky":false,"template":"","format":"standard","meta":{"_monsterinsights_skip_tracking":false,"_monsterinsights_sitenote_active":false,"_monsterinsights_sitenote_note":"","_monsterinsights_sitenote_category":0},"categories":[7],"tags":[],"_links":{"self":[{"href":"https:\/\/mattias.amnefe.lt\/wordpress\/wp-json\/wp\/v2\/posts\/40"}],"collection":[{"href":"https:\/\/mattias.amnefe.lt\/wordpress\/wp-json\/wp\/v2\/posts"}],"about":[{"href":"https:\/\/mattias.amnefe.lt\/wordpress\/wp-json\/wp\/v2\/types\/post"}],"replies":[{"embeddable":true,"href":"https:\/\/mattias.amnefe.lt\/wordpress\/wp-json\/wp\/v2\/comments?post=40"}],"version-history":[{"count":0,"href":"https:\/\/mattias.amnefe.lt\/wordpress\/wp-json\/wp\/v2\/posts\/40\/revisions"}],"wp:attachment":[{"href":"https:\/\/mattias.amnefe.lt\/wordpress\/wp-json\/wp\/v2\/media?parent=40"}],"wp:term":[{"taxonomy":"category","embeddable":true,"href":"https:\/\/mattias.amnefe.lt\/wordpress\/wp-json\/wp\/v2\/categories?post=40"},{"taxonomy":"post_tag","embeddable":true,"href":"https:\/\/mattias.amnefe.lt\/wordpress\/wp-json\/wp\/v2\/tags?post=40"}],"curies":[{"name":"wp","href":"https:\/\/api.w.org\/{rel}","templated":true}]}}