{"id":16,"date":"2006-05-12T09:15:12","date_gmt":"2006-05-12T09:15:12","guid":{"rendered":""},"modified":"2006-05-12T09:15:12","modified_gmt":"2006-05-12T09:15:12","slug":"sista_dan","status":"publish","type":"post","link":"https:\/\/mattias.amnefe.lt\/wordpress\/2006\/05\/12\/sista_dan\/","title":{"rendered":"Sista dan"},"content":{"rendered":"<p>Idag \u00e4r sista dagen h\u00e4r i Mocambique. Imorgon s\u00e4tter jag mig p\u00e5 flyget och \u00e5ker hem. Jag tr\u00e4ffade minister Massingue ig\u00e5r och han hade l\u00e4st igenom rapporten jag skrivit. P\u00e5 det stora hela verkade han n\u00f6jd, men han tyckte det var f\u00f6r lite information om hur projektet skall fortskrida, s\u00e5 det kommer jag f\u00e5 jobba vidare p\u00e5 n\u00e4r jag kommer hem. Det verkar som att han vill att jag kommer tillbaka hit och forts\u00e4tter att jobba med projektet, f\u00f6r han verkar tycka att jag har gjort ett bra jobb.<\/p>\n<p>Ig\u00e5r r\u00e5kade jag snubbla in p\u00e5 en Mocambicansk fest. Det var en granne ifr\u00e5n Lule\u00e5 som har varit ansvarig f\u00f6r ett utbytesprogram med Mocambicanska studenter som hade fest f\u00f6r de han tagit hand om i sverige. Det var 5 mocambicanska studenter som hade lagat typisk mat h\u00e4rifr\u00e5n. Jag blev inbjuden eftersom de fick l\u00e5na min spis att laga delar av maten p\u00e5. Det var j\u00e4ttekul att f\u00e5 pr\u00f6va p\u00e5 n\u00e5gonting riktigt lokalt. Jag vet inte riktigt vad allting hette men de olika r\u00e4tterna var bl\u00e4ckfisk och cassava-grat\u00e4ng, krabba med stuvade cassava-l\u00f6v och jordn\u00f6tter, en r\u00f6ra med gr\u00f6n-k\u00e5l, svamp, tomat, r\u00e4kor och kokosmj\u00f6lk samt till det kokt majsmj\u00f6l (ungef\u00e4r som sv\u00e4llda mannagryn). Till efterr\u00e4tt blev det cassava-paj med kokosmj\u00f6lks\u00e5s och kanel. Det var riktigt mums. Det var faktiskt f\u00f6rsta g\u00e5ngen jag \u00e4tit typiskt mocambicansk mat och det var kul att f\u00e5 pr\u00f6va p\u00e5 det innan jag \u00e5kte hem.<\/p>\n\n<!-- Facebook Like Button v1.9.6 BEGIN [http:\/\/blog.bottomlessinc.com] -->\n<iframe src=\"http:\/\/www.facebook.com\/plugins\/like.php?href=https%3A%2F%2Fmattias.amnefe.lt%2Fwordpress%2F2006%2F05%2F12%2Fsista_dan%2F&amp;layout=standard&amp;show_faces=false&amp;width=450&amp;action=like&amp;colorscheme=light\" scrolling=\"no\" frameborder=\"0\" allowTransparency=\"true\" style=\"border:none; overflow:hidden; width:450px; height: 30px; align: left; margin: 2px 0px 2px 0px\"><\/iframe>\n<!-- Facebook Like Button END -->\n","protected":false},"excerpt":{"rendered":"<p>Idag \u00e4r sista dagen h\u00e4r i Mocambique. Imorgon s\u00e4tter jag mig p\u00e5 flyget och \u00e5ker hem. Jag tr\u00e4ffade minister Massingue ig\u00e5r och han hade l\u00e4st igenom rapporten jag skrivit. P\u00e5 det stora hela verkade han n\u00f6jd, men han tyckte det &hellip; <a href=\"https:\/\/mattias.amnefe.lt\/wordpress\/2006\/05\/12\/sista_dan\/\">Continue reading <span class=\"meta-nav\">&rarr;<\/span><\/a><\/p>\n","protected":false},"author":0,"featured_media":0,"comment_status":"open","ping_status":"open","sticky":false,"template":"","format":"standard","meta":{"_monsterinsights_skip_tracking":false,"_monsterinsights_sitenote_active":false,"_monsterinsights_sitenote_note":"","_monsterinsights_sitenote_category":0},"categories":[4],"tags":[],"_links":{"self":[{"href":"https:\/\/mattias.amnefe.lt\/wordpress\/wp-json\/wp\/v2\/posts\/16"}],"collection":[{"href":"https:\/\/mattias.amnefe.lt\/wordpress\/wp-json\/wp\/v2\/posts"}],"about":[{"href":"https:\/\/mattias.amnefe.lt\/wordpress\/wp-json\/wp\/v2\/types\/post"}],"replies":[{"embeddable":true,"href":"https:\/\/mattias.amnefe.lt\/wordpress\/wp-json\/wp\/v2\/comments?post=16"}],"version-history":[{"count":0,"href":"https:\/\/mattias.amnefe.lt\/wordpress\/wp-json\/wp\/v2\/posts\/16\/revisions"}],"wp:attachment":[{"href":"https:\/\/mattias.amnefe.lt\/wordpress\/wp-json\/wp\/v2\/media?parent=16"}],"wp:term":[{"taxonomy":"category","embeddable":true,"href":"https:\/\/mattias.amnefe.lt\/wordpress\/wp-json\/wp\/v2\/categories?post=16"},{"taxonomy":"post_tag","embeddable":true,"href":"https:\/\/mattias.amnefe.lt\/wordpress\/wp-json\/wp\/v2\/tags?post=16"}],"curies":[{"name":"wp","href":"https:\/\/api.w.org\/{rel}","templated":true}]}}